{"id":954,"date":"2018-03-19T18:34:27","date_gmt":"2018-03-19T17:34:27","guid":{"rendered":"http:\/\/www.maisons-franco-allemandes.fr\/?p=954"},"modified":"2019-10-31T12:42:05","modified_gmt":"2019-10-31T11:42:05","slug":"test-profil","status":"publish","type":"post","link":"https:\/\/www.maisons-franco-allemandes.fr\/fr_FR\/test-profil\/","title":{"rendered":"Des partenaires innovants dans le quotidien franco-allemand"},"content":{"rendered":"<p>En dialogue permanent avec leurs partenaires d\u2019un c\u00f4t\u00e9 ou de l\u2019autre du Rhin, les Maisons d\u00e9veloppent des projets novateurs taill\u00e9s sur mesure et des modules op\u00e9rationnels.<\/p>\n","protected":false},"excerpt":{"rendered":"<p>En dialogue permanent avec leurs partenaires d\u2019un c\u00f4t\u00e9 ou de l\u2019autre du Rhin, les Maisons d\u00e9veloppent des projets novateurs taill\u00e9s sur mesure et des modules op\u00e9rationnels.<\/p>\n","protected":false},"author":1,"featured_media":0,"comment_status":"closed","ping_status":"open","sticky":false,"template":"","format":"standard","meta":{"_kad_post_transparent":"","_kad_post_title":"","_kad_post_layout":"","_kad_post_sidebar_id":"","_kad_post_content_style":"","_kad_post_vertical_padding":"","_kad_post_feature":"","_kad_post_feature_position":"","_kad_post_header":false,"_kad_post_footer":false,"footnotes":""},"categories":[19],"tags":[],"class_list":["post-954","post","type-post","status-publish","format-standard","hentry","category-profil"],"_links":{"self":[{"href":"https:\/\/www.maisons-franco-allemandes.fr\/fr_FR\/wp-json\/wp\/v2\/posts\/954"}],"collection":[{"href":"https:\/\/www.maisons-franco-allemandes.fr\/fr_FR\/wp-json\/wp\/v2\/posts"}],"about":[{"href":"https:\/\/www.maisons-franco-allemandes.fr\/fr_FR\/wp-json\/wp\/v2\/types\/post"}],"author":[{"embeddable":true,"href":"https:\/\/www.maisons-franco-allemandes.fr\/fr_FR\/wp-json\/wp\/v2\/users\/1"}],"replies":[{"embeddable":true,"href":"https:\/\/www.maisons-franco-allemandes.fr\/fr_FR\/wp-json\/wp\/v2\/comments?post=954"}],"version-history":[{"count":3,"href":"https:\/\/www.maisons-franco-allemandes.fr\/fr_FR\/wp-json\/wp\/v2\/posts\/954\/revisions"}],"predecessor-version":[{"id":969,"href":"https:\/\/www.maisons-franco-allemandes.fr\/fr_FR\/wp-json\/wp\/v2\/posts\/954\/revisions\/969"}],"wp:attachment":[{"href":"https:\/\/www.maisons-franco-allemandes.fr\/fr_FR\/wp-json\/wp\/v2\/media?parent=954"}],"wp:term":[{"taxonomy":"category","embeddable":true,"href":"https:\/\/www.maisons-franco-allemandes.fr\/fr_FR\/wp-json\/wp\/v2\/categories?post=954"},{"taxonomy":"post_tag","embeddable":true,"href":"https:\/\/www.maisons-franco-allemandes.fr\/fr_FR\/wp-json\/wp\/v2\/tags?post=954"}],"curies":[{"name":"wp","href":"https:\/\/api.w.org\/{rel}","templated":true}]}}